{"id":16516,"date":"2022-07-08T00:27:19","date_gmt":"2022-07-08T00:27:19","guid":{"rendered":"https:\/\/fundacionfleishman.org\/?p=16516"},"modified":"2022-07-08T00:27:19","modified_gmt":"2022-07-08T00:27:19","slug":"se-realiza-entrega-de-100-libros-para-alumnos-de-preescolar-de-asociacion-gilberto","status":"publish","type":"post","link":"https:\/\/fundacionfleishman.org\/en\/se-realiza-entrega-de-100-libros-para-alumnos-de-preescolar-de-asociacion-gilberto\/","title":{"rendered":"Se realiza entrega de 100 libros para alumnos de preescolar de Asociaci\u00f3n Gilberto"},"content":{"rendered":"<p>POR: MELISSA ESPINOSA<br>FOTOS: DENNIS HERN\u00c1NDEZ<\/p>\n\n\n\n<p>En las instalaciones del Preescolar Asociaci\u00f3n Gilberto estuvieron presentes Ileana Govela de Lerena, presidenta de la <a href=\"https:\/\/gilbertoac.org\/\">Asociaci\u00f3n Gilberto<\/a>, Martha Patricia Trevi\u00f1o, Pinina Altamirano y Alicia de Sierra, junto con Mariana Priego, Directora de la <a href=\"https:\/\/fundacionfleishman.org\/en\/\">Fundaci\u00f3n Fleishman<\/a> y Martha Ang\u00e9lica Ponce Coordinadora de Arte y Cultura del<a href=\"https:\/\/www.anahuac.mx\/iest\/\"> IEST AN\u00c1HUAC<\/a>, donde Elizabeth Mayer, don\u00f3 a la Asociaci\u00f3n Gilberto 100 ejemplares de su libro La Zebra y El Caballo, para cumplir con sus objetivos de que los alumnos tengan m\u00e1s recursos educativos y fomentar en los ni\u00f1os valores importantes como la empat\u00eda, igualdad e inclusi\u00f3n. Con el apoyo de la Fundaci\u00f3n Fleishman y el IEST, se ver\u00e1 multiplicado al interpretar esta historia a trav\u00e9s de una obra de teatro.<\/p>\n\n\n\n<p><\/p>\n\n\n\n<p class=\"has-white-color has-text-color\">Fundaci\u00f3n Fleishman impulsa econom\u00eda<\/p>\n\n\n\n<p class=\"has-white-color has-text-color\">Fundaci\u00f3n Fleishman impulsa econom\u00eda<\/p>\n\n\n\n<div class=\"wp-block-columns is-layout-flex wp-container-core-columns-is-layout-9d6595d7 wp-block-columns-is-layout-flex\">\n<div class=\"wp-block-column is-layout-flow wp-block-column-is-layout-flow\">\n<div class=\"wp-block-columns is-layout-flex wp-container-core-columns-is-layout-9d6595d7 wp-block-columns-is-layout-flex\">\n<div class=\"wp-block-column is-layout-flow wp-block-column-is-layout-flow\" style=\"flex-basis:66.66%\">\n<figure class=\"wp-block-image size-large\"><img decoding=\"async\" src=\"https:\/\/fundacionfleishman.org\/wp-content\/uploads\/2022\/07\/Captura-de-Pantalla-2022-07-07-a-las-7.20.45-p.m.-1024x792.png\" alt=\"Elizabeth Mayer realiz\u00f3 entrega de 100 libros para alumnos de preescolar de Asociaci\u00f3n Gilberto.\" class=\"wp-image-16518\"\/><\/figure>\n<\/div>\n\n\n\n<div class=\"wp-block-column is-layout-flow wp-block-column-is-layout-flow\" style=\"flex-basis:33.33%\"><\/div>\n<\/div>\n<\/div>\n<\/div>","protected":false},"excerpt":{"rendered":"<p>Elizabeth Mayer, don\u00f3 a la Asociaci\u00f3n Gilberto 100 ejemplares de su libro La Cebra y El Caballo, para cumplir con sus objetivos de que los alumnos tenga m\u00e1s recursos educativos y fomentar en los ni\u00f1os valores importantes como la empat\u00eda, igualdad e inclusi\u00f3n. <\/p>","protected":false},"author":1,"featured_media":16517,"comment_status":"closed","ping_status":"closed","sticky":false,"template":"","format":"standard","meta":{"footnotes":""},"categories":[216,215,214],"tags":[231,226,228,232],"class_list":["post-16516","post","type-post","status-publish","format-standard","has-post-thumbnail","hentry","category-educacion","category-fortalecimiento-a-fundaciones","category-noticias","tag-alianza","tag-educacion","tag-fundacion-fleishman","tag-iest"],"_links":{"self":[{"href":"https:\/\/fundacionfleishman.org\/en\/wp-json\/wp\/v2\/posts\/16516","targetHints":{"allow":["GET"]}}],"collection":[{"href":"https:\/\/fundacionfleishman.org\/en\/wp-json\/wp\/v2\/posts"}],"about":[{"href":"https:\/\/fundacionfleishman.org\/en\/wp-json\/wp\/v2\/types\/post"}],"author":[{"embeddable":true,"href":"https:\/\/fundacionfleishman.org\/en\/wp-json\/wp\/v2\/users\/1"}],"replies":[{"embeddable":true,"href":"https:\/\/fundacionfleishman.org\/en\/wp-json\/wp\/v2\/comments?post=16516"}],"version-history":[{"count":0,"href":"https:\/\/fundacionfleishman.org\/en\/wp-json\/wp\/v2\/posts\/16516\/revisions"}],"wp:featuredmedia":[{"embeddable":true,"href":"https:\/\/fundacionfleishman.org\/en\/wp-json\/"}],"wp:attachment":[{"href":"https:\/\/fundacionfleishman.org\/en\/wp-json\/wp\/v2\/media?parent=16516"}],"wp:term":[{"taxonomy":"category","embeddable":true,"href":"https:\/\/fundacionfleishman.org\/en\/wp-json\/wp\/v2\/categories?post=16516"},{"taxonomy":"post_tag","embeddable":true,"href":"https:\/\/fundacionfleishman.org\/en\/wp-json\/wp\/v2\/tags?post=16516"}],"curies":[{"name":"wp","href":"https:\/\/api.w.org\/{rel}","templated":true}]}}