{"id":25426,"date":"2025-01-23T16:06:41","date_gmt":"2025-01-23T16:06:41","guid":{"rendered":"https:\/\/fundacionfleishman.org\/?p=25426"},"modified":"2025-01-30T16:20:19","modified_gmt":"2025-01-30T16:20:19","slug":"fundacion-fleishman-tunelmyt-uvb","status":"publish","type":"post","link":"https:\/\/fundacionfleishman.org\/en\/fundacion-fleishman-tunelmyt-uvb\/","title":{"rendered":"Fundaci\u00f3n Fleishman inaugura el T\u00fanel audiovisual de Memoria y Tolerancia en la Universidad Valle del Bravo."},"content":{"rendered":"<p>Fundaci\u00f3n Fleishman inaugur\u00f3 la 5\u00aa sede del T\u00fanel Audiovisual Memoria y Tolerancia en nuestra zona. Una exposici\u00f3n itinerante, desarrollada en colaboraci\u00f3n con el Museo Memoria y Tolerancia que tiene como prop\u00f3sito recorrer sedes estrat\u00e9gicas de la regi\u00f3n promoviendo la concientizaci\u00f3n, y sensibilizaci\u00f3n de nuestra comunidad, as\u00ed como fomentar la acci\u00f3n social.<\/p>\n\n\n\n<p>El pasado martes 26 de noviembre, la Universidad Valle del Bravo se convirti\u00f3 en la tercera instituci\u00f3n educativa en recibir el T\u00fanel Memoria y Tolerancia el cual busca sensibilizar a estudiantes, familiares, docentes y a toda la comunidad acad\u00e9mica sobre la importancia de mantenernos unidos en torno al bien com\u00fan, promoviendo valores como la paz, la inclusi\u00f3n y el respeto.<\/p>\n\n\n\n<p>A trav\u00e9s de esta muestra art\u00edstica, se busca invitar a la reflexi\u00f3n mediante la memoria hist\u00f3rica de eventos relacionados con genocidios, derechos humanos y la construcci\u00f3n de una cultura de paz, subrayando que la tolerancia es esencial para erradicar la indiferencia y la violencia en el mundo.<\/p>\n\n\n\n<p>Para inaugurar el T\u00fanel audiovisual, estuvieron presentes la Lic. Bertha Gastel\u00fam, CEO de la universidad junto con el Consejo Asesor del Campus Tampico, dirigido por el Lic. Sergio Maldonado Pumarejo, la Mtra. Mar\u00eda de Lourdes Garc\u00eda Guerrero, Rectora de la Universidad Valle de Bravo, Campus Tampico; contando con el Lic. Carlos Tadeo Esparza Orozco, Gerente de Proyectos Educativos del Museo Memoria y Tolerancia en la Ciudad de M\u00e9xico y acompa\u00f1ados por la Lic. Mariana Priego Zavala, Directora de Fundaci\u00f3n Fleishman, junto con el personal directivo y de carrera de la Universidad Valle del Bravo. Se concluy\u00f3 el evento con un recorrido para todos los asistentes guiado por el Lic. Carlos Tadeo Esparza Orozco del Museo Memoria y Tolerancia.<\/p>","protected":false},"excerpt":{"rendered":"<p>Fundaci\u00f3n Fleishman inaugur\u00f3 la 5\u00aa sede del T\u00fanel Audiovisual Memoria y Tolerancia en nuestra zona. Una exposici\u00f3n itinerante, desarrollada en colaboraci\u00f3n con el Museo Memoria y Tolerancia que tiene como&hellip;<\/p>","protected":false},"author":1,"featured_media":25435,"comment_status":"open","ping_status":"open","sticky":false,"template":"","format":"standard","meta":{"footnotes":""},"categories":[1],"tags":[],"class_list":["post-25426","post","type-post","status-publish","format-standard","has-post-thumbnail","hentry","category-missions"],"_links":{"self":[{"href":"https:\/\/fundacionfleishman.org\/en\/wp-json\/wp\/v2\/posts\/25426","targetHints":{"allow":["GET"]}}],"collection":[{"href":"https:\/\/fundacionfleishman.org\/en\/wp-json\/wp\/v2\/posts"}],"about":[{"href":"https:\/\/fundacionfleishman.org\/en\/wp-json\/wp\/v2\/types\/post"}],"author":[{"embeddable":true,"href":"https:\/\/fundacionfleishman.org\/en\/wp-json\/wp\/v2\/users\/1"}],"replies":[{"embeddable":true,"href":"https:\/\/fundacionfleishman.org\/en\/wp-json\/wp\/v2\/comments?post=25426"}],"version-history":[{"count":3,"href":"https:\/\/fundacionfleishman.org\/en\/wp-json\/wp\/v2\/posts\/25426\/revisions"}],"predecessor-version":[{"id":25434,"href":"https:\/\/fundacionfleishman.org\/en\/wp-json\/wp\/v2\/posts\/25426\/revisions\/25434"}],"wp:featuredmedia":[{"embeddable":true,"href":"https:\/\/fundacionfleishman.org\/en\/wp-json\/wp\/v2\/media\/25435"}],"wp:attachment":[{"href":"https:\/\/fundacionfleishman.org\/en\/wp-json\/wp\/v2\/media?parent=25426"}],"wp:term":[{"taxonomy":"category","embeddable":true,"href":"https:\/\/fundacionfleishman.org\/en\/wp-json\/wp\/v2\/categories?post=25426"},{"taxonomy":"post_tag","embeddable":true,"href":"https:\/\/fundacionfleishman.org\/en\/wp-json\/wp\/v2\/tags?post=25426"}],"curies":[{"name":"wp","href":"https:\/\/api.w.org\/{rel}","templated":true}]}}